{"id":40011,"date":"2026-09-03T21:30:53","date_gmt":"2026-09-03T21:30:53","guid":{"rendered":"https:\/\/recla.org\/?p=40011"},"modified":"2026-09-03T21:33:52","modified_gmt":"2026-09-03T21:33:52","slug":"la-universidad-abierta-a-la-vida-ecosistemas-de-lifelong-learning-transiciones-vitales-y-liderazgo-de-accion-positiva","status":"publish","type":"post","link":"https:\/\/recla.org\/en\/noticias\/la-universidad-abierta-a-la-vida-ecosistemas-de-lifelong-learning-transiciones-vitales-y-liderazgo-de-accion-positiva\/","title":{"rendered":"The Open University to Life: Ecosystems of Lifelong Learning, Life Transitions and Positive Action Leadership"},"content":{"rendered":"<p><b>Eje Tem\u00e1tico:<\/b> Transformaci\u00f3n estrat\u00e9gica de la Educaci\u00f3n Continua y nuevos modelos institucionales.<br \/>\n<b>Instituci\u00f3n:<\/b> Universidad An\u00e1huac M\u00e9xico \u2014 Centro de Educaci\u00f3n Continua<\/p>\n<p><b>Resumen<\/b><br \/>\nFrente a la disrupci\u00f3n de la inteligencia artificial, la acelerada obsolescencia del conocimiento y la extensi\u00f3n de la vida laboral, la educaci\u00f3n superior atraviesa un cambio de paradigma ineludible. La universidad debe trascender la visi\u00f3n tradicional que limita su funci\u00f3n a la entrega de un t\u00edtulo acad\u00e9mico inicial, transform\u00e1ndose en una plataforma permanente de desarrollo humano. El presente art\u00edculo analiza c\u00f3mo el paradigma del Lifelong Learning (LLL) se materializa en iniciativas pioneras de la Universidad An\u00e1huac como An\u00e1huac Senior y Xpertum An\u00e1huac, las cuales responden a transiciones vitales clave. Asimismo, se conceptualizan tres nuevos roles estrat\u00e9gicos para las Unidades de Educaci\u00f3n Continua: observatorio de necesidades emergentes, articulador intersectorial y laboratorio de innovaci\u00f3n tecnopedag\u00f3gica. Finalmente, se propone un modelo de ecosistema institucional fundamentado en la formaci\u00f3n integral humanista y en el Liderazgo de Acci\u00f3n Positiva, orientado a generar valor en la persona, las organizaciones y la sociedad.<br \/>\nPalabras clave: Educaci\u00f3n continua, Lifelong Learning, transiciones vitales, generatividad, learnability, Liderazgo de Acci\u00f3n Positiva.<\/p>\n<p><b>1. La encrucijada universitaria: Del t\u00edtulo definitivo al acompa\u00f1amiento vital<\/b><br \/>\nDurante d\u00e9cadas, la trayectoria profesional oper\u00f3 bajo una l\u00f3gica lineal: estudiar una carrera en la juventud, obtener un grado acad\u00e9mico e insertarse en el mercado laboral bajo la premisa de una estabilidad duradera. Hoy en d\u00eda, la convergencia entre la inteligencia artificial, la automatizaci\u00f3n de procesos y el envejecimiento demogr\u00e1fico ha modificado sustancialmente este esquema tradicional. La velocidad de la innovaci\u00f3n tecnol\u00f3gica provoca que los conocimientos t\u00e9cnicos caduquen en plazos cada vez m\u00e1s breves, mientras que la longevidad exige a las personas transitar por m\u00faltiples etapas y reinvenciones profesionales a lo largo de su vida.<br \/>\nEn este contexto, la Organizaci\u00f3n de las Naciones Unidas para la Educaci\u00f3n, la Ciencia y la Cultura (UNESCO, 2020) advierte que las personas ya no pueden desenvolverse en la sociedad contempor\u00e1nea utilizando \u00fanicamente las capacidades y conocimientos adquiridos durante su formaci\u00f3n escolar o universitaria inicial. La universidad enfrenta el desaf\u00edo hist\u00f3rico de no competir contra la automatizaci\u00f3n, sino de potenciar el juicio \u00e9tico, el pensamiento cr\u00edtico, la empat\u00eda y la formaci\u00f3n integral.<br \/>\nPara ello, la educaci\u00f3n continua deja de ser un ap\u00e9ndice administrativo u oferta complementaria para erigirse en el marco referencial de los sistemas educativos y en el eje estrat\u00e9gico del aprendizaje a lo largo de toda la vida (Lifelong Learning) (Kaplan, 2021; Vargas Tamez, 2014). La instituci\u00f3n educativa se convierte as\u00ed en un acompa\u00f1ante continuo que ofrece experiencias flexibles, pertinentes y ajustadas a las necesidades profesionales, personales y c\u00edvicas de cada individuo (Comisi\u00f3n Europea, 2001; Vargas Tamez, 2014).<\/p>\n<p><b>2. Respuestas a las transiciones vitales: El caso de la Universidad An\u00e1huac<\/b><br \/>\nEl aprendizaje a lo largo de la vida no es un concepto abstracto; requiere una articulaci\u00f3n pedag\u00f3gica que reconozca la diversidad cognitiva, emocional y social de las personas en las distintas fases de su ciclo vital. La propuesta de la Universidad An\u00e1huac ejemplifica esta visi\u00f3n mediante dos programas emblem\u00e1ticos que responden a transiciones decisivas:<br \/>\n<b>An\u00e1huac Senior: Aprendizaje y Generatividad en la Madurez<\/b><br \/>\nDirigido a adultos mayores de 55 a\u00f1os, este programa trasciende la visi\u00f3n puramente asistencial o recreativa de la educaci\u00f3n para adultos. Apoy\u00e1ndose en el concepto de generatividad (Villar &amp; Celdr\u00e1n, 2013) \u2014la capacidad de continuar creciendo y aportando valor a la comunidad tras la etapa laboral convencional\u2014, An\u00e1huac Senior impulsa el desarrollo personal, el empoderamiento c\u00edvico y la participaci\u00f3n social. El aprendizaje en esta etapa reconoce y aprovecha la riqueza de la experiencia previa acumulada como base para construir nuevos conocimientos y como fuente de aprendizaje intergeneracional.<\/p>\n<p><b>Xpertum An\u00e1huac: Reinvenci\u00f3n y Liderazgo Senior<\/b><br \/>\nEnfocado en profesionales con amplia trayectoria que enfrentan reestructuraciones laborales, giros de carrera o la b\u00fasqueda de una nueva etapa productiva. En un entorno donde la experiencia requiere actualizarse constantemente con competencias digitales y metodolog\u00edas \u00e1giles (upskilling y reskilling) (Alonso Andreano, 2024; World Bank, 2011), Xpertum facilita que los directivos y especialistas transformen d\u00e9cadas de saber acumulado en proyectos de emprendimiento, consultor\u00eda de alto nivel, mentor\u00eda o docencia. Se trata de potenciar el capital humano existente para que la madurez profesional se traduzca en una ventaja competitiva e innovadora.<\/p>\n<p>Ambas iniciativas demuestran c\u00f3mo la educaci\u00f3n continua puede tejer v\u00ednculos duraderos con la comunidad, reconociendo que cada transici\u00f3n vital representa una oportunidad para renovar el deseo de aprender y aportar al bien com\u00fan.<\/p>\n<p><b>3. Tres nuevos roles estrat\u00e9gicos para la Educaci\u00f3n Continua<\/b><br \/>\nPara responder a esta complejidad, las Unidades de Educaci\u00f3n Continua deben redefinir su mandato institucional, asumiendo tres funciones tractoras dentro de la educaci\u00f3n superior:<\/p>\n<ul>\n<li>1.Observatorio de necesidades emergentes de formaci\u00f3n: La educaci\u00f3n continua opera en la frontera directa con el entorno productivo y social. Esta posici\u00f3n privilegiada le permite identificar de forma \u00e1gil las brechas de competencias, las demandas del mercado laboral cambiante y los desaf\u00edos \u00e9ticos derivados de tecnolog\u00edas como la IA, anticipando programas de formaci\u00f3n antes de que las estructuras curriculares tradicionales puedan reaccionar.<\/li>\n<li>2. Articulador intersectorial y colaborativo: La universidad no puede resolver en soledad la complejidad del porvenir. La educaci\u00f3n continua act\u00faa como el puente que conecta a las distintas facultades y centros de investigaci\u00f3n con empresas, organizaciones de la sociedad civil, redes internacionales (como RECLA) y la comunidad de egresados. Esta red de alianzas estrat\u00e9gicas posibilita la creaci\u00f3n de un ecosistema abierto de conocimiento transdisciplinario y colaborativo.<\/li>\n<li>3. Laboratorio de innovaci\u00f3n tecnopedag\u00f3gica: Las exigencias de flexibilidad imponen la necesidad de experimentar con nuevos formatos y metodolog\u00edas de aprendizaje. La educaci\u00f3n continua se consolida como el espacio para testear formatos modulares, micro-learning, itinerarios personalizados, Entornos Personales de Aprendizaje (PLE) (Adell &amp; Casta\u00f1eda, 2010) y esquemas de acreditaci\u00f3n alternativos (microcredenciales e insignias digitales acumulables) que reconozcan los aprendizajes previos y permitan entradas y salidas flexibles al sistema universitario.<\/li>\n<\/ul>\n<p><b>4. Hacia un ecosistema institucional de Lifelong Learning con identidad humanista An\u00e1huac<\/b><br \/>\nEl reto fundamental de las instituciones acad\u00e9micas no radica en multiplicar linealmente su cat\u00e1logo de cursos, sino en estructurar un verdadero ecosistema institucional de aprendizaje a lo largo de la vida. Esto implica transitar de una oferta centrada en la &#8216;ense\u00f1anza&#8217; a una arquitectura centrada en la &#8216;demanda y autonom\u00eda del aprendiz&#8217;, donde las fronteras entre el aprendizaje formal, no formal e informal sean fluidas y permeables (Adell &amp; Casta\u00f1eda, 2010; Faure, 1972; Vargas Tamez, 2014).<br \/>\nDesde la perspectiva de la Universidad An\u00e1huac, este ecosistema no responde a una visi\u00f3n puramente utilitarista o economicista del mercado. Por el contrario, se sustenta firmemente en la formaci\u00f3n integral y humanista y en el Liderazgo de Acci\u00f3n Positiva. Bajo este enfoque, la educaci\u00f3n se concibe como un proceso de realizaci\u00f3n de la persona que fortalece su capacidad de generar valor tangible en tres dimensiones interconectadas:<\/p>\n<p><b>Estructura del Ecosistema de Aprendizaje An\u00e1huac<\/b><br \/>\nLIDERAZGO DE ACCI\u00d3N POSITIVA<br \/>\n1. Desarrollo Personal: Realizaci\u00f3n humana, autonom\u00eda, bienestar integral y capacidad de desaprender y adaptarse continuamente (Faure, 1972).<br \/>\n2. Desempe\u00f1o en Organizaciones: Competitividad, innovaci\u00f3n \u00e9tica, desarrollo de talento y capacidad de liderazgo transformador en entornos de alta incertidumbre.<br \/>\n3. Impacto en la Sociedad: Contribuci\u00f3n directa al bien com\u00fan, cohesi\u00f3n social, inclusi\u00f3n de la madurez y responsabilidad c\u00edvica activa (UNESCO, 2020).<\/p>\n<p>1. En el propio desarrollo individual: Fomentando la learnability \u2014la capacidad de aprender de forma aut\u00f3noma, con pensamiento cr\u00edtico, curiosidad y valent\u00eda para desaprender (Alonso Andreano, 2024; Faure, 1972)\u2014 y asegurando el bienestar f\u00edsico, intelectual y emocional en cada etapa vital.<br \/>\n2. En las empresas u organizaciones: Potenciando la competitividad, la innovaci\u00f3n \u00e9tica, la resiliencia organizativa y la capacidad de liderazgo transformador frente a los entornos inciertos.<br \/>\n3. En la sociedad a la que pertenece: Contribuyendo al bien com\u00fan, la cohesi\u00f3n social, la inclusi\u00f3n de colectivos diversos y la construcci\u00f3n de un entorno m\u00e1s justo, democr\u00e1tico y sostenible.<br \/>\nEn conclusi\u00f3n, la educaci\u00f3n continua, asumida como pilar del Lifelong Learning, encarna la vocaci\u00f3n m\u00e1s aut\u00e9ntica de la universidad contempor\u00e1nea: poner la innovaci\u00f3n y la excelencia acad\u00e9mica al servicio incondicional de la persona humana y de la transformaci\u00f3n positiva de la sociedad.<\/p>\n<p><b>Referencias<\/b><br \/>\n<b>Adell Segura, J., &amp; Casta\u00f1eda Quintero, L. (2010).<\/b> Los Entornos Personales de Aprendizaje (PLEs): Una nueva manera de entender el aprendizaje. En R. Roig Vila &amp; M. Fiorucci (Eds.), Claves para la investigaci\u00f3n en innovaci\u00f3n y calidad educativas. La integraci\u00f3n de las Tecnolog\u00edas de la Informaci\u00f3n y la Comunicaci\u00f3n y la Interculturalidad en las aulas (pp. 19-30). Marfil.<br \/>\n<b>Alonso Andreano, J. L. (2024, 15 de octubre).<\/b> Learnability. Aprender a aprender como clave de la empleabilidad y el bienestar. LinkedIn Pulse. https:\/\/www.linkedin.com\/pulse\/learnability-aprender-como-clave-de-la-empleabilidad-alonso-andreano-ekcke\/<br \/>\n<b>Delors, J. (Ed.). (1996).<\/b> La educaci\u00f3n encierra un tesoro: Informe a la UNESCO de la Comisi\u00f3n Internacional sobre la Educaci\u00f3n para el Siglo XXI. Santillana \/ UNESCO.<br \/>\n<b>Faure, E. (Ed.). (1972).<\/b> Aprender a ser: La educaci\u00f3n del futuro. Alianza Editorial \/ UNESCO.<br \/>\n<b>Kaplan, A. (2021).<\/b> Higher Education at the Crossroads of Disruption: The University of the 21st Century. Emerald Publishing.<br \/>\n<b>UNESCO. (2020).<\/b> Lo que hay que saber sobre el aprendizaje a lo largo de toda la vida. UNESCO. https:\/\/www.unesco.org\/es\/lifelong-learning\/need-to-know<br \/>\n<b>UNESCO Institute for Lifelong Learning. (2020).<\/b> Embracing a culture of lifelong learning: Contribution to the Futures of Education initiative. UIL. https:\/\/unesdoc.unesco.org\/ark:\/48223\/pf0000374112<br \/>\n<b>Universidad An\u00e1huac M\u00e9xico. (2026).<\/b> Fomentar una cultura de lifelong learning y el compromiso institucional [Documento de trabajo]. Centro de Educaci\u00f3n Continua, Universidad An\u00e1huac M\u00e9xico.<br \/>\n<b>Vargas Tamez, C. (2014).<\/b> Los m\u00faltiples prop\u00f3sitos del aprendizaje a lo largo de toda la vida: Pautas para una conceptualizaci\u00f3n. Decisio, (39), 3-11.<br \/>\n<b>Villar, F., &amp; Celdr\u00e1n, M. (2013).<\/b> Envejecimiento y aprendizaje: Implicaciones para la educaci\u00f3n y la generatividad en la vejez. En J. Gir\u00f3 Miranda (Coord.), Envejecimiento, conocimiento y experiencia (pp. 41-64). Universidad de La Rioja \/ Dialnet.<\/p>\n","protected":false},"excerpt":{"rendered":"<p>Frente a la disrupci\u00f3n de la inteligencia artificial, la acelerada obsolescencia del conocimiento y la extensi\u00f3n de la vida laboral, la educaci\u00f3n superior atraviesa un cambio de paradigma ineludible.<\/p>","protected":false},"author":310,"featured_media":40012,"comment_status":"open","ping_status":"closed","sticky":false,"template":"","format":"standard","meta":{"_acf_changed":false,"_joinchat":[],"footnotes":""},"categories":[547,48],"tags":[549],"class_list":["post-40011","post","type-post","status-publish","format-standard","has-post-thumbnail","hentry","category-noticias-noticias","category-noticias","tag-noticias"],"acf":[],"yoast_head":"<!-- This site is optimized with the Yoast SEO plugin v28.3 - https:\/\/yoast.com\/product\/yoast-seo-wordpress\/ -->\n<title>La Universidad Abierta a la Vida: Ecosistemas de Lifelong Learning, Transiciones Vitales y Liderazgo de Acci\u00f3n Positiva<\/title>\n<meta name=\"description\" content=\"Frente a la disrupci\u00f3n de la inteligencia artificial, la acelerada obsolescencia del conocimiento y la extensi\u00f3n de la vida laboral, la educaci\u00f3n superior atraviesa un cambio de paradigma ineludible.\" \/>\n<meta name=\"robots\" content=\"index, follow, max-snippet:-1, max-image-preview:large, max-video-preview:-1\" \/>\n<link rel=\"canonical\" href=\"https:\/\/recla.org\/en\/noticias\/la-universidad-abierta-a-la-vida-ecosistemas-de-lifelong-learning-transiciones-vitales-y-liderazgo-de-accion-positiva\/\" \/>\n<meta property=\"og:locale\" content=\"en_US\" \/>\n<meta property=\"og:type\" content=\"article\" \/>\n<meta property=\"og:title\" content=\"La Universidad Abierta a la Vida: Ecosistemas de Lifelong Learning, Transiciones Vitales y Liderazgo de Acci\u00f3n Positiva\" \/>\n<meta property=\"og:description\" content=\"Frente a la disrupci\u00f3n de la inteligencia artificial, la acelerada obsolescencia del conocimiento y la extensi\u00f3n de la vida laboral, la educaci\u00f3n superior atraviesa un cambio de paradigma ineludible.\" \/>\n<meta property=\"og:url\" content=\"https:\/\/recla.org\/en\/noticias\/la-universidad-abierta-a-la-vida-ecosistemas-de-lifelong-learning-transiciones-vitales-y-liderazgo-de-accion-positiva\/\" \/>\n<meta property=\"og:site_name\" content=\"RECLA\" \/>\n<meta property=\"article:publisher\" content=\"https:\/\/www.facebook.com\/recla.org\/\" \/>\n<meta property=\"article:published_time\" content=\"2026-09-03T21:30:53+00:00\" \/>\n<meta property=\"article:modified_time\" content=\"2026-09-03T21:33:52+00:00\" \/>\n<meta property=\"og:image\" content=\"https:\/\/recla.org\/wp-content\/uploads\/2026\/09\/ARTICULO-ANHUAC1_BLOG-NEWS.jpg\" \/>\n\t<meta property=\"og:image:width\" content=\"2002\" \/>\n\t<meta property=\"og:image:height\" content=\"1335\" \/>\n\t<meta property=\"og:image:type\" content=\"image\/jpeg\" \/>\n<meta name=\"author\" content=\"RECLA\" \/>\n<meta name=\"twitter:card\" content=\"summary_large_image\" \/>\n<meta name=\"twitter:creator\" content=\"@RECLAorg\" \/>\n<meta name=\"twitter:site\" content=\"@RECLAorg\" \/>\n<script type=\"application\/ld+json\" class=\"yoast-schema-graph\">{\"@context\":\"https:\\\/\\\/schema.org\",\"@graph\":[{\"@type\":\"Article\",\"@id\":\"https:\\\/\\\/recla.org\\\/noticias\\\/la-universidad-abierta-a-la-vida-ecosistemas-de-lifelong-learning-transiciones-vitales-y-liderazgo-de-accion-positiva\\\/#article\",\"isPartOf\":{\"@id\":\"https:\\\/\\\/recla.org\\\/noticias\\\/la-universidad-abierta-a-la-vida-ecosistemas-de-lifelong-learning-transiciones-vitales-y-liderazgo-de-accion-positiva\\\/\"},\"author\":{\"name\":\"RECLA\",\"@id\":\"https:\\\/\\\/recla.org\\\/#\\\/schema\\\/person\\\/3e88a82ee9a1f4892f3612cebfa00e28\"},\"headline\":\"La Universidad Abierta a la Vida: Ecosistemas de Lifelong Learning, Transiciones Vitales y Liderazgo de Acci\u00f3n Positiva\",\"datePublished\":\"2026-09-03T21:30:53+00:00\",\"dateModified\":\"2026-09-03T21:33:52+00:00\",\"mainEntityOfPage\":{\"@id\":\"https:\\\/\\\/recla.org\\\/noticias\\\/la-universidad-abierta-a-la-vida-ecosistemas-de-lifelong-learning-transiciones-vitales-y-liderazgo-de-accion-positiva\\\/\"},\"wordCount\":1744,\"commentCount\":0,\"publisher\":{\"@id\":\"https:\\\/\\\/recla.org\\\/#organization\"},\"image\":{\"@id\":\"https:\\\/\\\/recla.org\\\/noticias\\\/la-universidad-abierta-a-la-vida-ecosistemas-de-lifelong-learning-transiciones-vitales-y-liderazgo-de-accion-positiva\\\/#primaryimage\"},\"thumbnailUrl\":\"https:\\\/\\\/recla.org\\\/wp-content\\\/uploads\\\/2026\\\/09\\\/ARTICULO-ANHUAC1_BLOG-NEWS.jpg\",\"keywords\":[\"Noticias\"],\"articleSection\":[\"Noticias\",\"Novedades\"],\"inLanguage\":\"en-US\",\"potentialAction\":[{\"@type\":\"CommentAction\",\"name\":\"Comment\",\"target\":[\"https:\\\/\\\/recla.org\\\/noticias\\\/la-universidad-abierta-a-la-vida-ecosistemas-de-lifelong-learning-transiciones-vitales-y-liderazgo-de-accion-positiva\\\/#respond\"]}]},{\"@type\":\"WebPage\",\"@id\":\"https:\\\/\\\/recla.org\\\/noticias\\\/la-universidad-abierta-a-la-vida-ecosistemas-de-lifelong-learning-transiciones-vitales-y-liderazgo-de-accion-positiva\\\/\",\"url\":\"https:\\\/\\\/recla.org\\\/noticias\\\/la-universidad-abierta-a-la-vida-ecosistemas-de-lifelong-learning-transiciones-vitales-y-liderazgo-de-accion-positiva\\\/\",\"name\":\"La Universidad Abierta a la Vida: Ecosistemas de Lifelong Learning, Transiciones Vitales y Liderazgo de Acci\u00f3n Positiva\",\"isPartOf\":{\"@id\":\"https:\\\/\\\/recla.org\\\/#website\"},\"primaryImageOfPage\":{\"@id\":\"https:\\\/\\\/recla.org\\\/noticias\\\/la-universidad-abierta-a-la-vida-ecosistemas-de-lifelong-learning-transiciones-vitales-y-liderazgo-de-accion-positiva\\\/#primaryimage\"},\"image\":{\"@id\":\"https:\\\/\\\/recla.org\\\/noticias\\\/la-universidad-abierta-a-la-vida-ecosistemas-de-lifelong-learning-transiciones-vitales-y-liderazgo-de-accion-positiva\\\/#primaryimage\"},\"thumbnailUrl\":\"https:\\\/\\\/recla.org\\\/wp-content\\\/uploads\\\/2026\\\/09\\\/ARTICULO-ANHUAC1_BLOG-NEWS.jpg\",\"datePublished\":\"2026-09-03T21:30:53+00:00\",\"dateModified\":\"2026-09-03T21:33:52+00:00\",\"description\":\"Frente a la disrupci\u00f3n de la inteligencia artificial, la acelerada obsolescencia del conocimiento y la extensi\u00f3n de la vida laboral, la educaci\u00f3n superior atraviesa un cambio de paradigma ineludible.\",\"breadcrumb\":{\"@id\":\"https:\\\/\\\/recla.org\\\/noticias\\\/la-universidad-abierta-a-la-vida-ecosistemas-de-lifelong-learning-transiciones-vitales-y-liderazgo-de-accion-positiva\\\/#breadcrumb\"},\"inLanguage\":\"en-US\",\"potentialAction\":[{\"@type\":\"ReadAction\",\"target\":[\"https:\\\/\\\/recla.org\\\/noticias\\\/la-universidad-abierta-a-la-vida-ecosistemas-de-lifelong-learning-transiciones-vitales-y-liderazgo-de-accion-positiva\\\/\"]}]},{\"@type\":\"ImageObject\",\"inLanguage\":\"en-US\",\"@id\":\"https:\\\/\\\/recla.org\\\/noticias\\\/la-universidad-abierta-a-la-vida-ecosistemas-de-lifelong-learning-transiciones-vitales-y-liderazgo-de-accion-positiva\\\/#primaryimage\",\"url\":\"https:\\\/\\\/recla.org\\\/wp-content\\\/uploads\\\/2026\\\/09\\\/ARTICULO-ANHUAC1_BLOG-NEWS.jpg\",\"contentUrl\":\"https:\\\/\\\/recla.org\\\/wp-content\\\/uploads\\\/2026\\\/09\\\/ARTICULO-ANHUAC1_BLOG-NEWS.jpg\",\"width\":2002,\"height\":1335},{\"@type\":\"BreadcrumbList\",\"@id\":\"https:\\\/\\\/recla.org\\\/noticias\\\/la-universidad-abierta-a-la-vida-ecosistemas-de-lifelong-learning-transiciones-vitales-y-liderazgo-de-accion-positiva\\\/#breadcrumb\",\"itemListElement\":[{\"@type\":\"ListItem\",\"position\":1,\"name\":\"Home\",\"item\":\"https:\\\/\\\/recla.org\\\/\"},{\"@type\":\"ListItem\",\"position\":2,\"name\":\"La Universidad Abierta a la Vida: Ecosistemas de Lifelong Learning, Transiciones Vitales y Liderazgo de Acci\u00f3n Positiva\"}]},{\"@type\":\"WebSite\",\"@id\":\"https:\\\/\\\/recla.org\\\/#website\",\"url\":\"https:\\\/\\\/recla.org\\\/\",\"name\":\"RECLA\",\"description\":\"Red de Educaci\u00f3n Continua de Am\u00e9rica Latina y Europa\",\"publisher\":{\"@id\":\"https:\\\/\\\/recla.org\\\/#organization\"},\"potentialAction\":[{\"@type\":\"SearchAction\",\"target\":{\"@type\":\"EntryPoint\",\"urlTemplate\":\"https:\\\/\\\/recla.org\\\/?s={search_term_string}\"},\"query-input\":{\"@type\":\"PropertyValueSpecification\",\"valueRequired\":true,\"valueName\":\"search_term_string\"}}],\"inLanguage\":\"en-US\"},{\"@type\":\"Organization\",\"@id\":\"https:\\\/\\\/recla.org\\\/#organization\",\"name\":\"Recla de Educaci\u00f3n continua de Am\u00e9rica Latina y Europa\",\"url\":\"https:\\\/\\\/recla.org\\\/\",\"logo\":{\"@type\":\"ImageObject\",\"inLanguage\":\"en-US\",\"@id\":\"https:\\\/\\\/recla.org\\\/#\\\/schema\\\/logo\\\/image\\\/\",\"url\":\"https:\\\/\\\/recla.org\\\/wp-content\\\/uploads\\\/2019\\\/08\\\/logo-recla-2019-google-02.png\",\"contentUrl\":\"https:\\\/\\\/recla.org\\\/wp-content\\\/uploads\\\/2019\\\/08\\\/logo-recla-2019-google-02.png\",\"width\":626,\"height\":626,\"caption\":\"Recla de Educaci\u00f3n continua de Am\u00e9rica Latina y Europa\"},\"image\":{\"@id\":\"https:\\\/\\\/recla.org\\\/#\\\/schema\\\/logo\\\/image\\\/\"},\"sameAs\":[\"https:\\\/\\\/www.facebook.com\\\/recla.org\\\/\",\"https:\\\/\\\/x.com\\\/RECLAorg\",\"https:\\\/\\\/www.linkedin.com\\\/in\\\/red-de-educaci\u00f3n-continua-de-latam-y-europa-894756148\",\"https:\\\/\\\/www.youtube.com\\\/channel\\\/UCG25tkuOe2YN5913jR_PcpA\"]},{\"@type\":\"Person\",\"@id\":\"https:\\\/\\\/recla.org\\\/#\\\/schema\\\/person\\\/3e88a82ee9a1f4892f3612cebfa00e28\",\"name\":\"RECLA\",\"image\":{\"@type\":\"ImageObject\",\"inLanguage\":\"en-US\",\"@id\":\"https:\\\/\\\/secure.gravatar.com\\\/avatar\\\/a6b5673d0067f561eb3715b92725324085e77503a72c739e6c9998fcdbb6eeff?s=96&d=mm&r=g\",\"url\":\"https:\\\/\\\/secure.gravatar.com\\\/avatar\\\/a6b5673d0067f561eb3715b92725324085e77503a72c739e6c9998fcdbb6eeff?s=96&d=mm&r=g\",\"contentUrl\":\"https:\\\/\\\/secure.gravatar.com\\\/avatar\\\/a6b5673d0067f561eb3715b92725324085e77503a72c739e6c9998fcdbb6eeff?s=96&d=mm&r=g\",\"caption\":\"RECLA\"}}]}<\/script>\n<!-- \/ Yoast SEO plugin. -->","yoast_head_json":{"title":"The Open University to Life: Ecosystems of Lifelong Learning, Life Transitions and Positive Action Leadership","description":"Frente a la disrupci\u00f3n de la inteligencia artificial, la acelerada obsolescencia del conocimiento y la extensi\u00f3n de la vida laboral, la educaci\u00f3n superior atraviesa un cambio de paradigma ineludible.","robots":{"index":"index","follow":"follow","max-snippet":"max-snippet:-1","max-image-preview":"max-image-preview:large","max-video-preview":"max-video-preview:-1"},"canonical":"https:\/\/recla.org\/en\/noticias\/la-universidad-abierta-a-la-vida-ecosistemas-de-lifelong-learning-transiciones-vitales-y-liderazgo-de-accion-positiva\/","og_locale":"en_US","og_type":"article","og_title":"La Universidad Abierta a la Vida: Ecosistemas de Lifelong Learning, Transiciones Vitales y Liderazgo de Acci\u00f3n Positiva","og_description":"Frente a la disrupci\u00f3n de la inteligencia artificial, la acelerada obsolescencia del conocimiento y la extensi\u00f3n de la vida laboral, la educaci\u00f3n superior atraviesa un cambio de paradigma ineludible.","og_url":"https:\/\/recla.org\/en\/noticias\/la-universidad-abierta-a-la-vida-ecosistemas-de-lifelong-learning-transiciones-vitales-y-liderazgo-de-accion-positiva\/","og_site_name":"RECLA","article_publisher":"https:\/\/www.facebook.com\/recla.org\/","article_published_time":"2026-09-03T21:30:53+00:00","article_modified_time":"2026-09-03T21:33:52+00:00","og_image":[{"width":2002,"height":1335,"url":"https:\/\/recla.org\/wp-content\/uploads\/2026\/09\/ARTICULO-ANHUAC1_BLOG-NEWS.jpg","type":"image\/jpeg"}],"author":"RECLA","twitter_card":"summary_large_image","twitter_creator":"@RECLAorg","twitter_site":"@RECLAorg","schema":{"@context":"https:\/\/schema.org","@graph":[{"@type":"Article","@id":"https:\/\/recla.org\/noticias\/la-universidad-abierta-a-la-vida-ecosistemas-de-lifelong-learning-transiciones-vitales-y-liderazgo-de-accion-positiva\/#article","isPartOf":{"@id":"https:\/\/recla.org\/noticias\/la-universidad-abierta-a-la-vida-ecosistemas-de-lifelong-learning-transiciones-vitales-y-liderazgo-de-accion-positiva\/"},"author":{"name":"RECLA","@id":"https:\/\/recla.org\/#\/schema\/person\/3e88a82ee9a1f4892f3612cebfa00e28"},"headline":"La Universidad Abierta a la Vida: Ecosistemas de Lifelong Learning, Transiciones Vitales y Liderazgo de Acci\u00f3n Positiva","datePublished":"2026-09-03T21:30:53+00:00","dateModified":"2026-09-03T21:33:52+00:00","mainEntityOfPage":{"@id":"https:\/\/recla.org\/noticias\/la-universidad-abierta-a-la-vida-ecosistemas-de-lifelong-learning-transiciones-vitales-y-liderazgo-de-accion-positiva\/"},"wordCount":1744,"commentCount":0,"publisher":{"@id":"https:\/\/recla.org\/#organization"},"image":{"@id":"https:\/\/recla.org\/noticias\/la-universidad-abierta-a-la-vida-ecosistemas-de-lifelong-learning-transiciones-vitales-y-liderazgo-de-accion-positiva\/#primaryimage"},"thumbnailUrl":"https:\/\/recla.org\/wp-content\/uploads\/2026\/09\/ARTICULO-ANHUAC1_BLOG-NEWS.jpg","keywords":["Noticias"],"articleSection":["Noticias","Novedades"],"inLanguage":"en-US","potentialAction":[{"@type":"CommentAction","name":"Comment","target":["https:\/\/recla.org\/noticias\/la-universidad-abierta-a-la-vida-ecosistemas-de-lifelong-learning-transiciones-vitales-y-liderazgo-de-accion-positiva\/#respond"]}]},{"@type":"WebPage","@id":"https:\/\/recla.org\/noticias\/la-universidad-abierta-a-la-vida-ecosistemas-de-lifelong-learning-transiciones-vitales-y-liderazgo-de-accion-positiva\/","url":"https:\/\/recla.org\/noticias\/la-universidad-abierta-a-la-vida-ecosistemas-de-lifelong-learning-transiciones-vitales-y-liderazgo-de-accion-positiva\/","name":"The Open University to Life: Ecosystems of Lifelong Learning, Life Transitions and Positive Action Leadership","isPartOf":{"@id":"https:\/\/recla.org\/#website"},"primaryImageOfPage":{"@id":"https:\/\/recla.org\/noticias\/la-universidad-abierta-a-la-vida-ecosistemas-de-lifelong-learning-transiciones-vitales-y-liderazgo-de-accion-positiva\/#primaryimage"},"image":{"@id":"https:\/\/recla.org\/noticias\/la-universidad-abierta-a-la-vida-ecosistemas-de-lifelong-learning-transiciones-vitales-y-liderazgo-de-accion-positiva\/#primaryimage"},"thumbnailUrl":"https:\/\/recla.org\/wp-content\/uploads\/2026\/09\/ARTICULO-ANHUAC1_BLOG-NEWS.jpg","datePublished":"2026-09-03T21:30:53+00:00","dateModified":"2026-09-03T21:33:52+00:00","description":"Frente a la disrupci\u00f3n de la inteligencia artificial, la acelerada obsolescencia del conocimiento y la extensi\u00f3n de la vida laboral, la educaci\u00f3n superior atraviesa un cambio de paradigma ineludible.","breadcrumb":{"@id":"https:\/\/recla.org\/noticias\/la-universidad-abierta-a-la-vida-ecosistemas-de-lifelong-learning-transiciones-vitales-y-liderazgo-de-accion-positiva\/#breadcrumb"},"inLanguage":"en-US","potentialAction":[{"@type":"ReadAction","target":["https:\/\/recla.org\/noticias\/la-universidad-abierta-a-la-vida-ecosistemas-de-lifelong-learning-transiciones-vitales-y-liderazgo-de-accion-positiva\/"]}]},{"@type":"ImageObject","inLanguage":"en-US","@id":"https:\/\/recla.org\/noticias\/la-universidad-abierta-a-la-vida-ecosistemas-de-lifelong-learning-transiciones-vitales-y-liderazgo-de-accion-positiva\/#primaryimage","url":"https:\/\/recla.org\/wp-content\/uploads\/2026\/09\/ARTICULO-ANHUAC1_BLOG-NEWS.jpg","contentUrl":"https:\/\/recla.org\/wp-content\/uploads\/2026\/09\/ARTICULO-ANHUAC1_BLOG-NEWS.jpg","width":2002,"height":1335},{"@type":"BreadcrumbList","@id":"https:\/\/recla.org\/noticias\/la-universidad-abierta-a-la-vida-ecosistemas-de-lifelong-learning-transiciones-vitales-y-liderazgo-de-accion-positiva\/#breadcrumb","itemListElement":[{"@type":"ListItem","position":1,"name":"Home","item":"https:\/\/recla.org\/"},{"@type":"ListItem","position":2,"name":"La Universidad Abierta a la Vida: Ecosistemas de Lifelong Learning, Transiciones Vitales y Liderazgo de Acci\u00f3n Positiva"}]},{"@type":"WebSite","@id":"https:\/\/recla.org\/#website","url":"https:\/\/recla.org\/","name":"RECLA","description":"Latin America and Europe Continuing Education Network","publisher":{"@id":"https:\/\/recla.org\/#organization"},"potentialAction":[{"@type":"SearchAction","target":{"@type":"EntryPoint","urlTemplate":"https:\/\/recla.org\/?s={search_term_string}"},"query-input":{"@type":"PropertyValueSpecification","valueRequired":true,"valueName":"search_term_string"}}],"inLanguage":"en-US"},{"@type":"Organization","@id":"https:\/\/recla.org\/#organization","name":"Recla de Educaci\u00f3n continua de Am\u00e9rica Latina y Europa","url":"https:\/\/recla.org\/","logo":{"@type":"ImageObject","inLanguage":"en-US","@id":"https:\/\/recla.org\/#\/schema\/logo\/image\/","url":"https:\/\/recla.org\/wp-content\/uploads\/2019\/08\/logo-recla-2019-google-02.png","contentUrl":"https:\/\/recla.org\/wp-content\/uploads\/2019\/08\/logo-recla-2019-google-02.png","width":626,"height":626,"caption":"Recla de Educaci\u00f3n continua de Am\u00e9rica Latina y Europa"},"image":{"@id":"https:\/\/recla.org\/#\/schema\/logo\/image\/"},"sameAs":["https:\/\/www.facebook.com\/recla.org\/","https:\/\/x.com\/RECLAorg","https:\/\/www.linkedin.com\/in\/red-de-educaci\u00f3n-continua-de-latam-y-europa-894756148","https:\/\/www.youtube.com\/channel\/UCG25tkuOe2YN5913jR_PcpA"]},{"@type":"Person","@id":"https:\/\/recla.org\/#\/schema\/person\/3e88a82ee9a1f4892f3612cebfa00e28","name":"RECLA","image":{"@type":"ImageObject","inLanguage":"en-US","@id":"https:\/\/secure.gravatar.com\/avatar\/a6b5673d0067f561eb3715b92725324085e77503a72c739e6c9998fcdbb6eeff?s=96&d=mm&r=g","url":"https:\/\/secure.gravatar.com\/avatar\/a6b5673d0067f561eb3715b92725324085e77503a72c739e6c9998fcdbb6eeff?s=96&d=mm&r=g","contentUrl":"https:\/\/secure.gravatar.com\/avatar\/a6b5673d0067f561eb3715b92725324085e77503a72c739e6c9998fcdbb6eeff?s=96&d=mm&r=g","caption":"RECLA"}}]}},"_links":{"self":[{"href":"https:\/\/recla.org\/en\/wp-json\/wp\/v2\/posts\/40011","targetHints":{"allow":["GET"]}}],"collection":[{"href":"https:\/\/recla.org\/en\/wp-json\/wp\/v2\/posts"}],"about":[{"href":"https:\/\/recla.org\/en\/wp-json\/wp\/v2\/types\/post"}],"author":[{"embeddable":true,"href":"https:\/\/recla.org\/en\/wp-json\/wp\/v2\/users\/310"}],"replies":[{"embeddable":true,"href":"https:\/\/recla.org\/en\/wp-json\/wp\/v2\/comments?post=40011"}],"version-history":[{"count":3,"href":"https:\/\/recla.org\/en\/wp-json\/wp\/v2\/posts\/40011\/revisions"}],"predecessor-version":[{"id":40015,"href":"https:\/\/recla.org\/en\/wp-json\/wp\/v2\/posts\/40011\/revisions\/40015"}],"wp:featuredmedia":[{"embeddable":true,"href":"https:\/\/recla.org\/en\/wp-json\/wp\/v2\/media\/40012"}],"wp:attachment":[{"href":"https:\/\/recla.org\/en\/wp-json\/wp\/v2\/media?parent=40011"}],"wp:term":[{"taxonomy":"category","embeddable":true,"href":"https:\/\/recla.org\/en\/wp-json\/wp\/v2\/categories?post=40011"},{"taxonomy":"post_tag","embeddable":true,"href":"https:\/\/recla.org\/en\/wp-json\/wp\/v2\/tags?post=40011"}],"curies":[{"name":"wp","href":"https:\/\/api.w.org\/{rel}","templated":true}]}}